{"id":1416,"date":"2018-05-30T13:41:09","date_gmt":"2018-05-30T17:41:09","guid":{"rendered":"https:\/\/mining.ca\/resources\/press-releases\/la-greve-des-employes-de-chemin-de-fer-canadien\/"},"modified":"2021-11-25T13:05:27","modified_gmt":"2021-11-25T18:05:27","slug":"la-greve-des-employes-de-chemin-de-fer-canadien","status":"publish","type":"press_resource","link":"https:\/\/mining.ca\/fr\/ressources\/communiques-de-presse\/la-greve-des-employes-de-chemin-de-fer-canadien\/","title":{"rendered":"La gr\u00e8ve des employ\u00e9s de Chemin de fer Canadien Pacifique aura une incidence d\u00e9favorable sur les activit\u00e9s du secteur minier au Canada"},"content":{"rendered":"<p>L&rsquo;Association mini\u00e8re du Canada (AMC) soul\u00e8ve de graves pr\u00e9occupations quant aux cons\u00e9quences \u00e9conomiques importantes qu&rsquo;aura la gr\u00e8ve des employ\u00e9s de Chemin de fer Canadien Pacifique sur les collectivit\u00e9s mini\u00e8res, et presse le gouvernement du Canada d&rsquo;adopter imm\u00e9diatement des mesures en vue de r\u00e9soudre ce conflit de travail.<\/p>\n<p>Les r\u00e9percussions de cette gr\u00e8ve seront tr\u00e8s importantes sur les soci\u00e9t\u00e9s mini\u00e8res, lesquelles d\u00e9pendent des chemins de fer pour le transport de carburant vers les sites ou le transport de produits et de sous-produits d&rsquo;exploitation. \u00ab Une gr\u00e8ve des travailleurs du CP aura des cons\u00e9quences tr\u00e8s n\u00e9fastes sur le secteur minier, a d\u00e9clar\u00e9 Pierre Gratton, pr\u00e9sident et chef de la direction de l&rsquo;AMC. La livraison de carburant et d&rsquo;autres fournitures aux sites miniers sera compromise, tout comme le transport de produits min\u00e9raux. \u00bb<\/p>\n<p>La gr\u00e8ve des employ\u00e9s du CP entra\u00eenera une p\u00e9nurie de carburant et d&rsquo;autres fournitures indispensables aux activit\u00e9s du secteur minier \u00e0 l&rsquo;\u00e9chelle du Canada. Elle emp\u00eachera aussi les sites miniers d&rsquo;assurer la livraison de leurs produits vers leurs destinations finales, et, par cons\u00e9quent, aura des cons\u00e9quences s\u00e9rieuses et n\u00e9fastes sur l&rsquo;ensemble des capacit\u00e9s fonctionnelles de ces sites.<\/p>\n<p>\u00ab \u00c0 la suite des r\u00e9centes interruptions de service p\u00e9nibles et continues au sein du march\u00e9 du transport ferroviaire, et des dommages qui ont d\u00e9j\u00e0 \u00e9t\u00e9 caus\u00e9s \u00e0 la r\u00e9putation du Canada en tant que partenaire commercial digne de confiance, l&rsquo;\u00e9conomie ne peut supporter les cons\u00e9quences d&rsquo;un conflit de travail prolong\u00e9 qui met un frein \u00e0 la moiti\u00e9 de la capacit\u00e9 du service marchandises ferroviaire au pays \u00bb, a affirm\u00e9 M. Gratton.<\/p>\n<p>Au nom du secteur minier du Canada, l&rsquo;AMC presse le gouvernement f\u00e9d\u00e9ral de prendre rapidement des mesures en vue de pr\u00e9venir cet \u00e9ventuel arr\u00eat de travail, avant que celui-ci n&rsquo;ait des cons\u00e9quences n\u00e9gatives sur l&rsquo;\u00e9conomie. En cas de d\u00e9clenchement d&rsquo;une gr\u00e8ve, nous recommandons au gouvernement d&rsquo;imposer un processus d&rsquo;arbitrage ex\u00e9cutoire afin de r\u00e9gler le conflit, et d&rsquo;envisager de rendre ce processus d&rsquo;arbitrage obligatoire dans le cadre de futurs conflits de travail impliquant les compagnies des chemins de fer de cat\u00e9gorie 1, \u00e9tant donn\u00e9 la fr\u00e9quence et les effets n\u00e9gatifs de tels conflits.<\/p>\n<p>Selon le dernier rapport <a href=\"\/fr\/documents\/faits-et-chiffres-2017\/\">Faits et chiffres<\/a> de l&rsquo;AMC, l&rsquo;industrie mini\u00e8re canadienne repr\u00e9sente plus de 50 % des revenus li\u00e9s aux services marchandises du r\u00e9seau ferroviaire canadien g\u00e9n\u00e9r\u00e9s annuellement. L&rsquo;industrie mini\u00e8re est \u00e9galement un moteur \u00e9conomique majeur pour le pays, ayant contribu\u00e9 \u00e0 hauteur de 58 milliards de dollars au PIB canadien, employant directement et indirectement 596 000 travailleurs, et repr\u00e9sentant 19 % (plus de 88 milliards de dollars) de la valeur totale de l&rsquo;ensemble des exportations du Canada.<\/p>\n<p>-30-<\/p>\n<p><strong>\u00c0 propos de l&rsquo;Association mini\u00e8re du Canada<\/strong><\/p>\n<p>L&rsquo;Association mini\u00e8re du Canada est l&rsquo;organisme national qui repr\u00e9sente l&rsquo;industrie mini\u00e8re canadienne. Ses membres, qui sont responsables de la majeure partie de la production canadienne de m\u00e9taux de base et pr\u00e9cieux, d&rsquo;uranium, de diamants, de charbon m\u00e9tallurgique, de p\u00e9trole extrait des sables bitumineux et de min\u00e9raux industriels, sont tr\u00e8s actifs dans les secteurs de l&rsquo;exploration min\u00e9rale, de l&rsquo;exploitation mini\u00e8re, de la fonte, de l&rsquo;affinage et de la fabrication de produits semi-finis. Veuillez consulter le site <a href=\"\/fr\/\">www.mining.ca\/fr<\/a>.<\/p>\n<p><strong>Renseignements :<\/strong><br \/>\nGeoff Smith<br \/>\n613 233-9392, poste 325<br \/>\n<a href=\"mailto:gsmith@mining.ca\">gsmith@mining.ca<\/a><\/p>\n","protected":false},"excerpt":{"rendered":"<p>L&rsquo;Association mini\u00e8re du Canada (AMC) soul\u00e8ve de graves pr\u00e9occupations quant aux cons\u00e9quences \u00e9conomiques importantes qu&rsquo;aura la gr\u00e8ve des employ\u00e9s de Chemin de fer Canadien Pacifique sur les collectivit\u00e9s mini\u00e8res, et presse le gouvernement du Canada d&rsquo;adopter imm\u00e9diatement des mesures en vue de r\u00e9soudre ce conflit de travail. Les r\u00e9percussions de cette gr\u00e8ve seront tr\u00e8s importantes [&hellip;]<\/p>\n","protected":false},"featured_media":0,"template":"","meta":{"_acf_changed":false,"_links_to":"","_links_to_target":""},"resource-category":[],"class_list":["post-1416","press_resource","type-press_resource","status-publish","hentry"],"acf":[],"yoast_head":"<!-- This site is optimized with the Yoast SEO plugin v27.4 - https:\/\/yoast.com\/product\/yoast-seo-wordpress\/ -->\n<title>La gr\u00e8ve des employ\u00e9s de Chemin de fer Canadien Pacifique aura une incidence d\u00e9favorable sur les activit\u00e9s du secteur minier au Canada - The Mining Association of Canada<\/title>\n<meta name=\"robots\" content=\"index, follow, max-snippet:-1, max-image-preview:large, max-video-preview:-1\" \/>\n<link rel=\"canonical\" href=\"https:\/\/mining.ca\/fr\/ressources\/communiques-de-presse\/la-greve-des-employes-de-chemin-de-fer-canadien\/\" \/>\n<meta property=\"og:locale\" content=\"fr_CA\" \/>\n<meta property=\"og:type\" content=\"article\" \/>\n<meta property=\"og:title\" content=\"La gr\u00e8ve des employ\u00e9s de Chemin de fer Canadien Pacifique aura une incidence d\u00e9favorable sur les activit\u00e9s du secteur minier au Canada - The Mining Association of Canada\" \/>\n<meta property=\"og:description\" content=\"L&rsquo;Association mini\u00e8re du Canada (AMC) soul\u00e8ve de graves pr\u00e9occupations quant aux cons\u00e9quences \u00e9conomiques importantes qu&rsquo;aura la gr\u00e8ve des employ\u00e9s de Chemin de fer Canadien Pacifique sur les collectivit\u00e9s mini\u00e8res, et presse le gouvernement du Canada d&rsquo;adopter imm\u00e9diatement des mesures en vue de r\u00e9soudre ce conflit de travail. Les r\u00e9percussions de cette gr\u00e8ve seront tr\u00e8s importantes [&hellip;]\" \/>\n<meta property=\"og:url\" content=\"https:\/\/mining.ca\/fr\/ressources\/communiques-de-presse\/la-greve-des-employes-de-chemin-de-fer-canadien\/\" \/>\n<meta property=\"og:site_name\" content=\"The Mining Association of Canada\" \/>\n<meta property=\"article:modified_time\" content=\"2021-11-25T18:05:27+00:00\" \/>\n<meta name=\"twitter:card\" content=\"summary_large_image\" \/>\n<meta name=\"twitter:site\" content=\"@theminingstory\" \/>\n<meta name=\"twitter:label1\" content=\"Estimation du temps de lecture\" \/>\n\t<meta name=\"twitter:data1\" content=\"3 minutes\" \/>\n<script type=\"application\/ld+json\" class=\"yoast-schema-graph\">{\"@context\":\"https:\\\/\\\/schema.org\",\"@graph\":[{\"@type\":\"WebPage\",\"@id\":\"https:\\\/\\\/mining.ca\\\/fr\\\/ressources\\\/communiques-de-presse\\\/la-greve-des-employes-de-chemin-de-fer-canadien\\\/\",\"url\":\"https:\\\/\\\/mining.ca\\\/fr\\\/ressources\\\/communiques-de-presse\\\/la-greve-des-employes-de-chemin-de-fer-canadien\\\/\",\"name\":\"La gr\u00e8ve des employ\u00e9s de Chemin de fer Canadien Pacifique aura une incidence d\u00e9favorable sur les activit\u00e9s du secteur minier au Canada - The Mining Association of Canada\",\"isPartOf\":{\"@id\":\"https:\\\/\\\/mining.ca\\\/fr\\\/#website\"},\"datePublished\":\"2018-05-30T17:41:09+00:00\",\"dateModified\":\"2021-11-25T18:05:27+00:00\",\"breadcrumb\":{\"@id\":\"https:\\\/\\\/mining.ca\\\/fr\\\/ressources\\\/communiques-de-presse\\\/la-greve-des-employes-de-chemin-de-fer-canadien\\\/#breadcrumb\"},\"inLanguage\":\"fr-CA\",\"potentialAction\":[{\"@type\":\"ReadAction\",\"target\":[\"https:\\\/\\\/mining.ca\\\/fr\\\/ressources\\\/communiques-de-presse\\\/la-greve-des-employes-de-chemin-de-fer-canadien\\\/\"]}]},{\"@type\":\"BreadcrumbList\",\"@id\":\"https:\\\/\\\/mining.ca\\\/fr\\\/ressources\\\/communiques-de-presse\\\/la-greve-des-employes-de-chemin-de-fer-canadien\\\/#breadcrumb\",\"itemListElement\":[{\"@type\":\"ListItem\",\"position\":1,\"name\":\"Home\",\"item\":\"https:\\\/\\\/mining.ca\\\/fr\\\/\"},{\"@type\":\"ListItem\",\"position\":2,\"name\":\"Press Releases\",\"item\":\"https:\\\/\\\/mining.ca\\\/fr\\\/ressources\\\/communiques-de-presse\\\/\"},{\"@type\":\"ListItem\",\"position\":3,\"name\":\"La gr\u00e8ve des employ\u00e9s de Chemin de fer Canadien Pacifique aura une incidence d\u00e9favorable sur les activit\u00e9s du secteur minier au Canada\"}]},{\"@type\":\"WebSite\",\"@id\":\"https:\\\/\\\/mining.ca\\\/fr\\\/#website\",\"url\":\"https:\\\/\\\/mining.ca\\\/fr\\\/\",\"name\":\"The Mining Association of Canada\",\"description\":\"The voice of the Canadian Mining Industry since 1935\",\"publisher\":{\"@id\":\"https:\\\/\\\/mining.ca\\\/fr\\\/#organization\"},\"potentialAction\":[{\"@type\":\"SearchAction\",\"target\":{\"@type\":\"EntryPoint\",\"urlTemplate\":\"https:\\\/\\\/mining.ca\\\/fr\\\/?s={search_term_string}\"},\"query-input\":{\"@type\":\"PropertyValueSpecification\",\"valueRequired\":true,\"valueName\":\"search_term_string\"}}],\"inLanguage\":\"fr-CA\"},{\"@type\":\"Organization\",\"@id\":\"https:\\\/\\\/mining.ca\\\/fr\\\/#organization\",\"name\":\"The Mining Association of Canada\",\"url\":\"https:\\\/\\\/mining.ca\\\/fr\\\/\",\"logo\":{\"@type\":\"ImageObject\",\"inLanguage\":\"fr-CA\",\"@id\":\"https:\\\/\\\/mining.ca\\\/fr\\\/#\\\/schema\\\/logo\\\/image\\\/\",\"url\":\"https:\\\/\\\/mining.ca\\\/wp-content\\\/uploads\\\/2021\\\/02\\\/cropped-logo.png\",\"contentUrl\":\"https:\\\/\\\/mining.ca\\\/wp-content\\\/uploads\\\/2021\\\/02\\\/cropped-logo.png\",\"width\":905,\"height\":423,\"caption\":\"The Mining Association of Canada\"},\"image\":{\"@id\":\"https:\\\/\\\/mining.ca\\\/fr\\\/#\\\/schema\\\/logo\\\/image\\\/\"},\"sameAs\":[\"https:\\\/\\\/x.com\\\/theminingstory\",\"https:\\\/\\\/ca.linkedin.com\\\/company\\\/mining-association-of-canada\"]}]}<\/script>\n<!-- \/ Yoast SEO plugin. -->","yoast_head_json":{"title":"La gr\u00e8ve des employ\u00e9s de Chemin de fer Canadien Pacifique aura une incidence d\u00e9favorable sur les activit\u00e9s du secteur minier au Canada - The Mining Association of Canada","robots":{"index":"index","follow":"follow","max-snippet":"max-snippet:-1","max-image-preview":"max-image-preview:large","max-video-preview":"max-video-preview:-1"},"canonical":"https:\/\/mining.ca\/fr\/ressources\/communiques-de-presse\/la-greve-des-employes-de-chemin-de-fer-canadien\/","og_locale":"fr_CA","og_type":"article","og_title":"La gr\u00e8ve des employ\u00e9s de Chemin de fer Canadien Pacifique aura une incidence d\u00e9favorable sur les activit\u00e9s du secteur minier au Canada - The Mining Association of Canada","og_description":"L&rsquo;Association mini\u00e8re du Canada (AMC) soul\u00e8ve de graves pr\u00e9occupations quant aux cons\u00e9quences \u00e9conomiques importantes qu&rsquo;aura la gr\u00e8ve des employ\u00e9s de Chemin de fer Canadien Pacifique sur les collectivit\u00e9s mini\u00e8res, et presse le gouvernement du Canada d&rsquo;adopter imm\u00e9diatement des mesures en vue de r\u00e9soudre ce conflit de travail. Les r\u00e9percussions de cette gr\u00e8ve seront tr\u00e8s importantes [&hellip;]","og_url":"https:\/\/mining.ca\/fr\/ressources\/communiques-de-presse\/la-greve-des-employes-de-chemin-de-fer-canadien\/","og_site_name":"The Mining Association of Canada","article_modified_time":"2021-11-25T18:05:27+00:00","twitter_card":"summary_large_image","twitter_site":"@theminingstory","twitter_misc":{"Estimation du temps de lecture":"3 minutes"},"schema":{"@context":"https:\/\/schema.org","@graph":[{"@type":"WebPage","@id":"https:\/\/mining.ca\/fr\/ressources\/communiques-de-presse\/la-greve-des-employes-de-chemin-de-fer-canadien\/","url":"https:\/\/mining.ca\/fr\/ressources\/communiques-de-presse\/la-greve-des-employes-de-chemin-de-fer-canadien\/","name":"La gr\u00e8ve des employ\u00e9s de Chemin de fer Canadien Pacifique aura une incidence d\u00e9favorable sur les activit\u00e9s du secteur minier au Canada - The Mining Association of Canada","isPartOf":{"@id":"https:\/\/mining.ca\/fr\/#website"},"datePublished":"2018-05-30T17:41:09+00:00","dateModified":"2021-11-25T18:05:27+00:00","breadcrumb":{"@id":"https:\/\/mining.ca\/fr\/ressources\/communiques-de-presse\/la-greve-des-employes-de-chemin-de-fer-canadien\/#breadcrumb"},"inLanguage":"fr-CA","potentialAction":[{"@type":"ReadAction","target":["https:\/\/mining.ca\/fr\/ressources\/communiques-de-presse\/la-greve-des-employes-de-chemin-de-fer-canadien\/"]}]},{"@type":"BreadcrumbList","@id":"https:\/\/mining.ca\/fr\/ressources\/communiques-de-presse\/la-greve-des-employes-de-chemin-de-fer-canadien\/#breadcrumb","itemListElement":[{"@type":"ListItem","position":1,"name":"Home","item":"https:\/\/mining.ca\/fr\/"},{"@type":"ListItem","position":2,"name":"Press Releases","item":"https:\/\/mining.ca\/fr\/ressources\/communiques-de-presse\/"},{"@type":"ListItem","position":3,"name":"La gr\u00e8ve des employ\u00e9s de Chemin de fer Canadien Pacifique aura une incidence d\u00e9favorable sur les activit\u00e9s du secteur minier au Canada"}]},{"@type":"WebSite","@id":"https:\/\/mining.ca\/fr\/#website","url":"https:\/\/mining.ca\/fr\/","name":"The Mining Association of Canada","description":"The voice of the Canadian Mining Industry since 1935","publisher":{"@id":"https:\/\/mining.ca\/fr\/#organization"},"potentialAction":[{"@type":"SearchAction","target":{"@type":"EntryPoint","urlTemplate":"https:\/\/mining.ca\/fr\/?s={search_term_string}"},"query-input":{"@type":"PropertyValueSpecification","valueRequired":true,"valueName":"search_term_string"}}],"inLanguage":"fr-CA"},{"@type":"Organization","@id":"https:\/\/mining.ca\/fr\/#organization","name":"The Mining Association of Canada","url":"https:\/\/mining.ca\/fr\/","logo":{"@type":"ImageObject","inLanguage":"fr-CA","@id":"https:\/\/mining.ca\/fr\/#\/schema\/logo\/image\/","url":"https:\/\/mining.ca\/wp-content\/uploads\/2021\/02\/cropped-logo.png","contentUrl":"https:\/\/mining.ca\/wp-content\/uploads\/2021\/02\/cropped-logo.png","width":905,"height":423,"caption":"The Mining Association of Canada"},"image":{"@id":"https:\/\/mining.ca\/fr\/#\/schema\/logo\/image\/"},"sameAs":["https:\/\/x.com\/theminingstory","https:\/\/ca.linkedin.com\/company\/mining-association-of-canada"]}]}},"_links":{"self":[{"href":"https:\/\/mining.ca\/fr\/wp-json\/wp\/v2\/press_resource\/1416","targetHints":{"allow":["GET"]}}],"collection":[{"href":"https:\/\/mining.ca\/fr\/wp-json\/wp\/v2\/press_resource"}],"about":[{"href":"https:\/\/mining.ca\/fr\/wp-json\/wp\/v2\/types\/press_resource"}],"wp:attachment":[{"href":"https:\/\/mining.ca\/fr\/wp-json\/wp\/v2\/media?parent=1416"}],"wp:term":[{"taxonomy":"resource-category","embeddable":true,"href":"https:\/\/mining.ca\/fr\/wp-json\/wp\/v2\/resource-category?post=1416"}],"curies":[{"name":"wp","href":"https:\/\/api.w.org\/{rel}","templated":true}]}}